{"id":152,"date":"2026-04-24T13:41:30","date_gmt":"2026-04-24T13:41:30","guid":{"rendered":"https:\/\/wizardly-sinoussi.217-154-119-199.plesk.page\/?p=152"},"modified":"2026-04-24T13:41:30","modified_gmt":"2026-04-24T13:41:30","slug":"wassersport-termine","status":"publish","type":"post","link":"https:\/\/wizardly-sinoussi.217-154-119-199.plesk.page\/?p=152","title":{"rendered":"Wassersport-Termine"},"content":{"rendered":"\n<h3 class=\"wp-block-heading\">2026\/2027<\/h3>\n\n\n\n<figure class=\"wp-block-table\"><table class=\"has-fixed-layout\"><thead><tr><td><strong>Messe \/ Veranstaltung<\/strong><\/td><td><strong>Ort<\/strong><\/td><td><strong>Zeitraum (ca.)<\/strong><\/td><td><strong>Schwerpunkt<\/strong><\/td><\/tr><\/thead><tbody><tr><td><strong>boot D\u00fcsseldorf<\/strong><\/td><td>D\u00fcsseldorf<\/td><td>Januar<\/td><td>Weltgr\u00f6\u00dfte Wassersportmesse<\/td><\/tr><tr><td><strong>Magdeboot<\/strong><\/td><td>Magdeburg<\/td><td>M\u00e4rz<\/td><td>Motorboote &amp; Outdoor<\/td><\/tr><tr><td><strong>Outdoor, Boat &amp; Fun<\/strong><\/td><td>Berlin<\/td><td>M\u00e4rz<\/td><td>Regionalmesse &amp; Einsteiger<\/td><\/tr><tr><td><strong>Ancora Yachtfestival<\/strong><\/td><td>Neustadt (Holstein)<\/td><td>Mai<\/td><td>In-Water Boat Show (Ostsee)<\/td><\/tr><tr><td><strong>Interboot<\/strong><\/td><td>Friedrichshafen<\/td><td>September<\/td><td>Bodensee-Region \/ Wassersport<\/td><\/tr><tr><td><strong>Cannes Yachting Festival<\/strong><\/td><td>Cannes (FR)<\/td><td>September<\/td><td>Wichtig f\u00fcr Neubeschaffung<\/td><\/tr><tr><td><strong>Boat &amp; Fun Berlin<\/strong><\/td><td>Berlin<\/td><td>November<\/td><td>Charter &amp; Motorboote<\/td><\/tr><\/tbody><\/table><\/figure>\n\n\n\n<hr class=\"wp-block-separator has-alpha-channel-opacity\"\/>\n\n\n\n<h3 class=\"wp-block-heading\">Regionale Termine &amp; Regatten (Norddeutschland)<\/h3>\n\n\n\n<figure class=\"wp-block-table\"><table class=\"has-fixed-layout\"><thead><tr><td><strong>Veranstaltung<\/strong><\/td><td><strong>Ort<\/strong><\/td><td><strong>Typ<\/strong><\/td><td><strong>Zeitraum<\/strong><\/td><\/tr><\/thead><tbody><tr><td><strong>Blexen Open \/ Weser-Regatta<\/strong><\/td><td>Blexen \/ Nordenham<\/td><td>Regatta<\/td><td>Je nach Gezeiten (Fr\u00fchjahr)<\/td><\/tr><tr><td><strong>Bremerhavener Festwoche<\/strong><\/td><td>Bremerhaven<\/td><td>Maritimes Fest<\/td><td>August<\/td><\/tr><tr><td><strong>Hafenfest Gro\u00dfensiel<\/strong><\/td><td>Gro\u00dfensiel<\/td><td>Lokales Event<\/td><td>Sommer<\/td><\/tr><tr><td><strong>Vegesacker Hafenfest<\/strong><\/td><td>Bremen-Vegesack<\/td><td>Maritimes Fest<\/td><td>Juni<\/td><\/tr><tr><td><strong>Wilhelmshaven Sailing-CUP<\/strong><\/td><td>Wilhelmshaven<\/td><td>Traditionssegler-Regatta<\/td><td>September \/ Oktober<\/td><\/tr><tr><td><strong>Wesersprinter-Regatta<\/strong><\/td><td>Weser (revier\u00fcbergreifend)<\/td><td>Sport-Event<\/td><td>Saisonabh\u00e4ngig<\/td><\/tr><\/tbody><\/table><\/figure>\n\n\n\n<hr class=\"wp-block-separator has-alpha-channel-opacity\"\/>\n\n\n\n<h3 class=\"wp-block-heading\">Regionale Wassersport-Termine Norddeutschland 2026\/2027<\/h3>\n\n\n\n<figure class=\"wp-block-table\"><table class=\"has-fixed-layout\"><thead><tr><td><strong>Stadt<\/strong><\/td><td><strong>Veranstaltung<\/strong><\/td><td><strong>Zeitraum (ca.)<\/strong><\/td><td><strong>Besonderheit<\/strong><\/td><\/tr><\/thead><tbody><tr><td><strong>Kiel<\/strong><\/td><td><strong>Kieler Woche<\/strong><\/td><td>Ende Juni<\/td><td>Gr\u00f6\u00dftes Segelevent der Welt &amp; Volksfest<\/td><\/tr><tr><td><strong>Oldenburg<\/strong><\/td><td><strong>Oldenburger City-Lauf \/ Hafenfest<\/strong><\/td><td>Sommer<\/td><td>Aktivit\u00e4ten rund um den Oldenburger Hafen<\/td><\/tr><tr><td><strong>Wilhelmshaven<\/strong><\/td><td><strong>Wilhelmshaven Sailing-CUP<\/strong><\/td><td>Sept.\/Okt.<\/td><td>Die \u00e4lteste Traditionssegler-Regatta an der Nordsee<\/td><\/tr><tr><td><strong>Wilhelmshaven<\/strong><\/td><td><strong>Wochenende an der Jade<\/strong><\/td><td>Anfang Juli<\/td><td>Maritimes Fest mit gro\u00dfer Schiffsbeteiligung<\/td><\/tr><tr><td><strong>Bremen<\/strong><\/td><td><strong>Vegesacker Hafenfest<\/strong><\/td><td>Juni<\/td><td>Maritime Meile, Kutterpullen und Live-Musik<\/td><\/tr><tr><td><strong>Bremen<\/strong><\/td><td><strong>Bremen Port-Report (Regatten)<\/strong><\/td><td>Saison<\/td><td>Diverse Vereinsregatten auf der Weser<\/td><\/tr><tr><td><strong>Bremerhaven<\/strong><\/td><td><strong>SeeStadtFest \/ Maritime Tage<\/strong><\/td><td>August<\/td><td>Gro\u00dfe Windjammer-Paraden und Open-Ship<\/td><\/tr><tr><td><strong>Bremerhaven<\/strong><\/td><td><strong>Fischtown-Cup<\/strong><\/td><td>Variabel<\/td><td>Regionale Segelregatta<\/td><\/tr><\/tbody><\/table><\/figure>\n\n\n\n<hr class=\"wp-block-separator has-alpha-channel-opacity\"\/>\n\n\n\n<h3 class=\"wp-block-heading\"><\/h3>\n","protected":false},"excerpt":{"rendered":"<p>2026\/2027 Messe \/ Veranstaltung Ort Zeitraum (ca.) Schwerpunkt boot D\u00fcsseldorf D\u00fcsseldorf Januar Weltgr\u00f6\u00dfte Wassersportmesse Magdeboot Magdeburg M\u00e4rz Motorboote &amp; Outdoor<\/p>\n","protected":false},"author":1,"featured_media":0,"comment_status":"open","ping_status":"open","sticky":false,"template":"","format":"standard","meta":{"footnotes":""},"categories":[1],"tags":[],"class_list":["post-152","post","type-post","status-publish","format-standard","hentry","category-uncategorized"],"jetpack_featured_media_url":"","_links":{"self":[{"href":"https:\/\/wizardly-sinoussi.217-154-119-199.plesk.page\/index.php?rest_route=\/wp\/v2\/posts\/152","targetHints":{"allow":["GET"]}}],"collection":[{"href":"https:\/\/wizardly-sinoussi.217-154-119-199.plesk.page\/index.php?rest_route=\/wp\/v2\/posts"}],"about":[{"href":"https:\/\/wizardly-sinoussi.217-154-119-199.plesk.page\/index.php?rest_route=\/wp\/v2\/types\/post"}],"author":[{"embeddable":true,"href":"https:\/\/wizardly-sinoussi.217-154-119-199.plesk.page\/index.php?rest_route=\/wp\/v2\/users\/1"}],"replies":[{"embeddable":true,"href":"https:\/\/wizardly-sinoussi.217-154-119-199.plesk.page\/index.php?rest_route=%2Fwp%2Fv2%2Fcomments&post=152"}],"version-history":[{"count":1,"href":"https:\/\/wizardly-sinoussi.217-154-119-199.plesk.page\/index.php?rest_route=\/wp\/v2\/posts\/152\/revisions"}],"predecessor-version":[{"id":153,"href":"https:\/\/wizardly-sinoussi.217-154-119-199.plesk.page\/index.php?rest_route=\/wp\/v2\/posts\/152\/revisions\/153"}],"wp:attachment":[{"href":"https:\/\/wizardly-sinoussi.217-154-119-199.plesk.page\/index.php?rest_route=%2Fwp%2Fv2%2Fmedia&parent=152"}],"wp:term":[{"taxonomy":"category","embeddable":true,"href":"https:\/\/wizardly-sinoussi.217-154-119-199.plesk.page\/index.php?rest_route=%2Fwp%2Fv2%2Fcategories&post=152"},{"taxonomy":"post_tag","embeddable":true,"href":"https:\/\/wizardly-sinoussi.217-154-119-199.plesk.page\/index.php?rest_route=%2Fwp%2Fv2%2Ftags&post=152"}],"curies":[{"name":"wp","href":"https:\/\/api.w.org\/{rel}","templated":true}]}}